{"id":925,"date":"2024-07-09T17:03:59","date_gmt":"2024-07-09T17:03:59","guid":{"rendered":"https:\/\/grupoverytel.com\/index.php\/2024\/07\/09\/la-mirada-reveladora-explorando-por-que-el-iris-es-el-dato-biometrico-mas-preciado-copy\/"},"modified":"2024-07-09T17:20:40","modified_gmt":"2024-07-09T17:20:40","slug":"buscan-combatir-la-inseguridad-en-el-valle-con-camaras-de-reconocimiento-facial","status":"publish","type":"post","link":"https:\/\/grupoverytel.com\/index.php\/2024\/07\/09\/buscan-combatir-la-inseguridad-en-el-valle-con-camaras-de-reconocimiento-facial\/","title":{"rendered":"Buscan combatir la inseguridad en el Valle con c\u00e1maras de reconocimiento facial"},"content":{"rendered":"[vc_row type=\u00bbin_container\u00bb full_screen_row_position=\u00bbmiddle\u00bb column_margin=\u00bbdefault\u00bb column_direction=\u00bbdefault\u00bb column_direction_tablet=\u00bbdefault\u00bb column_direction_phone=\u00bbdefault\u00bb scene_position=\u00bbcenter\u00bb right_padding_desktop=\u00bb5%\u00bb left_padding_phone=\u00bb2%\u00bb constrain_group_6=\u00bbyes\u00bb right_padding_phone=\u00bb2%\u00bb text_color=\u00bbdark\u00bb text_align=\u00bbleft\u00bb row_border_radius=\u00bbnone\u00bb row_border_radius_applies=\u00bbbg\u00bb overflow=\u00bbvisible\u00bb overlay_strength=\u00bb0.3&#8243; gradient_direction=\u00bbleft_to_right\u00bb shape_divider_position=\u00bbbottom\u00bb bg_image_animation=\u00bbnone\u00bb gradient_type=\u00bbdefault\u00bb shape_type=\u00bb\u00bb][vc_column column_padding=\u00bbno-extra-padding\u00bb column_padding_tablet=\u00bbinherit\u00bb column_padding_phone=\u00bbinherit\u00bb column_padding_position=\u00bball\u00bb column_element_direction_desktop=\u00bbdefault\u00bb column_element_spacing=\u00bbdefault\u00bb desktop_text_alignment=\u00bbdefault\u00bb tablet_text_alignment=\u00bbdefault\u00bb phone_text_alignment=\u00bbdefault\u00bb background_color_opacity=\u00bb1&#8243; background_hover_color_opacity=\u00bb1&#8243; column_backdrop_filter=\u00bbnone\u00bb column_shadow=\u00bbnone\u00bb column_border_radius=\u00bbnone\u00bb column_link_target=\u00bb_self\u00bb column_position=\u00bbdefault\u00bb gradient_direction=\u00bbleft_to_right\u00bb overlay_strength=\u00bb0.3&#8243; width=\u00bb1\/1&#8243; tablet_width_inherit=\u00bbdefault\u00bb animation_type=\u00bbdefault\u00bb bg_image_animation=\u00bbnone\u00bb border_type=\u00bbsimple\u00bb column_border_width=\u00bbnone\u00bb column_border_style=\u00bbsolid\u00bb][split_line_heading animation_type=\u00bbline-reveal-by-space\u00bb font_style=\u00bbh2&#8243; line_reveal_by_space_text_effect=\u00bbdefault\u00bb content_alignment=\u00bbdefault\u00bb mobile_content_alignment=\u00bbinherit\u00bb link_target=\u00bb_self\u00bb text_content=\u00bbAutoridades del Valle del Cauca implementar\u00e1n c\u00e1maras de alta tecnolog\u00eda con capacidad de reconocimiento facial y de placas vehiculares para fortalecer la seguridad en la regi\u00f3n.\u00bb text_direction=\u00bbdefault\u00bb font_size=\u00bb2.5vw\u00bb][\/split_line_heading][vc_column_text text_direction=\u00bbdefault\u00bb]\n<p class=\"has-drop-cap\">Las autoridades del Valle del Cauca,\u00a0<strong>en respuesta a la creciente inseguridad, han decidido implementar c\u00e1maras de reconocimiento facial.<\/strong><\/p>\n<p>A su vez, estos elementos tecnol\u00f3gicos ayudar\u00e1n a\u00a0<strong>identificar placas de veh\u00edculos,\u00a0<\/strong>convirti\u00e9ndose en una\u00a0<strong>herramienta clave para la judicializaci\u00f3n de criminales.<\/strong><\/p>\n<p>Por su parte, la secretaria de Seguridad del Valle, Ana Mar\u00eda Sanclemente; detall\u00f3 que esta<strong>\u00a0iniciativa es un trabajo articulado entre Gobernaci\u00f3n, el Ministerio del Interior y la Polic\u00eda Nacional.<\/strong><\/p>\n<p>En una entrevista con Blu Radio, la funcionaria explic\u00f3 que\u00a0<strong>se est\u00e1 avanzando en un convenio con Dijin y Registradur\u00eda\u00a0<\/strong>para acceder a datos cruciales en el Centro de Comando y Control.<\/p>\n<h2 class=\"wp-block-heading\">Una herramienta clave para combatir los delitos<\/h2>\n<p>De acuerdo con la funcionaria, estas c\u00e1maras de alta tecnolog\u00eda se sumar\u00e1n al arsenal de<strong>\u00a0herramientas utilizadas por las autoridades para la identificaci\u00f3n y judicializaci\u00f3n de delincuentes<\/strong>\u00a0en diversos delitos.<\/p>\n<p>Adem\u00e1s,\u00a0<strong>tendr\u00e1n la capacidad de reconocer las placas de veh\u00edculos utilizados por criminales\u00a0<\/strong>en su intento de escape.<\/p>\n<p>\u00abEl Centro de Gesti\u00f3n de Emergencias y Seguridad\u00a0<strong>tendr\u00e1 una unidad de an\u00e1lisis estrat\u00e9gico en torno a lo que converge en temas de ciberseguridad\u00bb<\/strong>, precis\u00f3 la Secretaria de Seguridad del Valle, se\u00f1alando la importancia de integrar tecnolog\u00edas avanzadas para abordar los desaf\u00edos actuales.<\/p>\n<p>Cabe destacar que, la implementaci\u00f3n de estas c\u00e1maras\u00a0<strong>implica la capacitaci\u00f3n del personal y un aumento en el n\u00famero de profesionales capacitados<\/strong>\u00a0para manejar esta tecnolog\u00eda y cruzarla con la base de datos.<\/p>\n<h2 id=\"h-cu-ntas-c-maras-se-esperan-implementar\" class=\"wp-block-heading\">\u00bfCu\u00e1ntas c\u00e1maras se esperan implementar?<\/h2>\n<p>Se estima que\u00a0<strong>sean instaladas alrededor de 153 c\u00e1maras de reconocimiento facial<\/strong>, pues, hasta el momento, solo 18 cuentan con esta tecnolog\u00eda.<\/p>\n<p>Teniendo en cuenta lo anterior,\u00a0<strong>se espera que se realicen actualizaciones progresivas<\/strong>\u00a0para cubrir ampliamente el territorio y<strong>\u00a0brindar mayor seguridad a los vallecaucanos.<\/strong><\/p>\n<p>La Gobernaci\u00f3n aguarda la finalizaci\u00f3n de\u00a0<strong>aspectos espec\u00edficos por parte de Telem\u00e1tica de la Fuerza P\u00fablica.<\/strong><\/p>\n<p>Lo anterior, con el fin de\u00a0<strong>determinar la altitud m\u00e1s adecuada para la instalaci\u00f3n de las c\u00e1maras,<\/strong>\u00a0evitando posibles actos vand\u00e1licos perpetrados por delincuentes.[\/vc_column_text][\/vc_column][\/vc_row][vc_row type=\u00bbin_container\u00bb full_screen_row_position=\u00bbmiddle\u00bb column_margin=\u00bbdefault\u00bb column_direction=\u00bbdefault\u00bb column_direction_tablet=\u00bbdefault\u00bb column_direction_phone=\u00bbdefault\u00bb scene_position=\u00bbcenter\u00bb bottom_padding=\u00bb0px\u00bb bottom_margin=\u00bb0px\u00bb text_color=\u00bbdark\u00bb text_align=\u00bbleft\u00bb row_border_radius=\u00bbnone\u00bb row_border_radius_applies=\u00bbbg\u00bb overflow=\u00bbvisible\u00bb overlay_strength=\u00bb0.3&#8243; gradient_direction=\u00bbleft_to_right\u00bb shape_divider_position=\u00bbbottom\u00bb bg_image_animation=\u00bbnone\u00bb gradient_type=\u00bbdefault\u00bb shape_type=\u00bb\u00bb][vc_column column_padding=\u00bbno-extra-padding\u00bb column_padding_tablet=\u00bbinherit\u00bb column_padding_phone=\u00bbinherit\u00bb column_padding_position=\u00bball\u00bb column_element_direction_desktop=\u00bbdefault\u00bb column_element_spacing=\u00bbdefault\u00bb desktop_text_alignment=\u00bbdefault\u00bb tablet_text_alignment=\u00bbdefault\u00bb phone_text_alignment=\u00bbdefault\u00bb background_color_opacity=\u00bb1&#8243; background_hover_color_opacity=\u00bb1&#8243; column_backdrop_filter=\u00bbnone\u00bb column_shadow=\u00bbnone\u00bb column_border_radius=\u00bbnone\u00bb column_link_target=\u00bb_self\u00bb column_position=\u00bbdefault\u00bb gradient_direction=\u00bbleft_to_right\u00bb overlay_strength=\u00bb0.3&#8243; width=\u00bb1\/1&#8243; tablet_width_inherit=\u00bbdefault\u00bb animation_type=\u00bbdefault\u00bb bg_image_animation=\u00bbnone\u00bb border_type=\u00bbsimple\u00bb column_border_width=\u00bbnone\u00bb column_border_style=\u00bbsolid\u00bb][vc_column_text text_direction=\u00bbdefault\u00bb el_class=\u00bbfuente\u00bb]\n<blockquote><p><a href=\"https:\/\/90minutos.co\/valle-del-cauca\/camaras-de-reconocimiento-facial-estrategia-combatir-la-inseguridad-en-el-valle-11-01-2024\/\" target=\"_blank\" rel=\"noopener\">Buscan combatir la inseguridad en el Valle con c\u00e1maras de reconocimiento facial<\/a><\/p>\n<p>https:\/\/90minutos.co\/<\/p><\/blockquote>\n[\/vc_column_text][\/vc_column][\/vc_row]\n","protected":false},"excerpt":{"rendered":"<p>[vc_row type=\u00bbin_container\u00bb full_screen_row_position=\u00bbmiddle\u00bb column_margin=\u00bbdefault\u00bb column_direction=\u00bbdefault\u00bb column_direction_tablet=\u00bbdefault\u00bb column_direction_phone=\u00bbdefault\u00bb scene_position=\u00bbcenter\u00bb right_padding_desktop=\u00bb5%\u00bb left_padding_phone=\u00bb2%\u00bb constrain_group_6=\u00bbyes\u00bb right_padding_phone=\u00bb2%\u00bb text_color=\u00bbdark\u00bb text_align=\u00bbleft\u00bb row_border_radius=\u00bbnone\u00bb&#8230;<\/p>\n","protected":false},"author":1,"featured_media":930,"comment_status":"open","ping_status":"open","sticky":false,"template":"","format":"standard","meta":{"inline_featured_image":false,"footnotes":""},"categories":[1],"tags":[],"class_list":{"0":"post-925","1":"post","2":"type-post","3":"status-publish","4":"format-standard","5":"has-post-thumbnail","7":"category-blog"},"_links":{"self":[{"href":"https:\/\/grupoverytel.com\/index.php\/wp-json\/wp\/v2\/posts\/925"}],"collection":[{"href":"https:\/\/grupoverytel.com\/index.php\/wp-json\/wp\/v2\/posts"}],"about":[{"href":"https:\/\/grupoverytel.com\/index.php\/wp-json\/wp\/v2\/types\/post"}],"author":[{"embeddable":true,"href":"https:\/\/grupoverytel.com\/index.php\/wp-json\/wp\/v2\/users\/1"}],"replies":[{"embeddable":true,"href":"https:\/\/grupoverytel.com\/index.php\/wp-json\/wp\/v2\/comments?post=925"}],"version-history":[{"count":3,"href":"https:\/\/grupoverytel.com\/index.php\/wp-json\/wp\/v2\/posts\/925\/revisions"}],"predecessor-version":[{"id":926,"href":"https:\/\/grupoverytel.com\/index.php\/wp-json\/wp\/v2\/posts\/925\/revisions\/926"}],"wp:featuredmedia":[{"embeddable":true,"href":"https:\/\/grupoverytel.com\/index.php\/wp-json\/wp\/v2\/media\/930"}],"wp:attachment":[{"href":"https:\/\/grupoverytel.com\/index.php\/wp-json\/wp\/v2\/media?parent=925"}],"wp:term":[{"taxonomy":"category","embeddable":true,"href":"https:\/\/grupoverytel.com\/index.php\/wp-json\/wp\/v2\/categories?post=925"},{"taxonomy":"post_tag","embeddable":true,"href":"https:\/\/grupoverytel.com\/index.php\/wp-json\/wp\/v2\/tags?post=925"}],"curies":[{"name":"wp","href":"https:\/\/api.w.org\/{rel}","templated":true}]}}