{"id":1088,"date":"2024-09-06T21:06:23","date_gmt":"2024-09-06T21:06:23","guid":{"rendered":"https:\/\/grupoverytel.com\/index.php\/2024\/09\/06\/verytel-integra-camaras-privadas-al-sistema-de-videovigilancia-de-cartagena-copy\/"},"modified":"2024-09-06T21:27:35","modified_gmt":"2024-09-06T21:27:35","slug":"verytel-y-valor-se-unen-para-impulsar-seguridad-y-transformacion-digital-en-antioquia","status":"publish","type":"post","link":"https:\/\/grupoverytel.com\/index.php\/2024\/09\/06\/verytel-y-valor-se-unen-para-impulsar-seguridad-y-transformacion-digital-en-antioquia\/","title":{"rendered":"Verytel y Valor+ se unen para impulsar seguridad y transformaci\u00f3n digital en Antioquia"},"content":{"rendered":"[vc_row type=\u00bbin_container\u00bb full_screen_row_position=\u00bbmiddle\u00bb column_margin=\u00bbdefault\u00bb column_direction=\u00bbdefault\u00bb column_direction_tablet=\u00bbdefault\u00bb column_direction_phone=\u00bbdefault\u00bb scene_position=\u00bbcenter\u00bb right_padding_desktop=\u00bb5%\u00bb left_padding_phone=\u00bb2%\u00bb constrain_group_6=\u00bbyes\u00bb right_padding_phone=\u00bb2%\u00bb text_color=\u00bbdark\u00bb text_align=\u00bbleft\u00bb row_border_radius=\u00bbnone\u00bb row_border_radius_applies=\u00bbbg\u00bb overflow=\u00bbvisible\u00bb overlay_strength=\u00bb0.3&#8243; gradient_direction=\u00bbleft_to_right\u00bb shape_divider_position=\u00bbbottom\u00bb bg_image_animation=\u00bbnone\u00bb gradient_type=\u00bbdefault\u00bb shape_type=\u00bb\u00bb][vc_column column_padding=\u00bbno-extra-padding\u00bb column_padding_tablet=\u00bbinherit\u00bb column_padding_phone=\u00bbinherit\u00bb column_padding_position=\u00bball\u00bb column_element_direction_desktop=\u00bbdefault\u00bb column_element_spacing=\u00bbdefault\u00bb desktop_text_alignment=\u00bbdefault\u00bb tablet_text_alignment=\u00bbdefault\u00bb phone_text_alignment=\u00bbdefault\u00bb background_color_opacity=\u00bb1&#8243; background_hover_color_opacity=\u00bb1&#8243; column_backdrop_filter=\u00bbnone\u00bb column_shadow=\u00bbnone\u00bb column_border_radius=\u00bbnone\u00bb column_link_target=\u00bb_self\u00bb column_position=\u00bbdefault\u00bb gradient_direction=\u00bbleft_to_right\u00bb overlay_strength=\u00bb0.3&#8243; width=\u00bb1\/1&#8243; tablet_width_inherit=\u00bbdefault\u00bb animation_type=\u00bbdefault\u00bb bg_image_animation=\u00bbnone\u00bb border_type=\u00bbsimple\u00bb column_border_width=\u00bbnone\u00bb column_border_style=\u00bbsolid\u00bb][vc_column_text text_direction=\u00bbdefault\u00bb]\n<h3>Nueva alianza entre Verytel y Valor+ potencia proyectos de seguridad y transformaci\u00f3n digital en Antioquia<\/h3>\n<p>En el marco de su compromiso por ofrecer soluciones tecnol\u00f3gicas innovadoras, <strong>Verytel<\/strong> se complace en anunciar su <strong>nueva alianza con Valor+<\/strong>, entidad departamental de Antioquia y filial del IDEA (Instituto para el Desarrollo de Antioquia). Valor+ se dedica a generar capacidades operativas y procesos de transformaci\u00f3n digital que faciliten el acceso de los ciudadanos a los servicios del Estado. Para lograr este objetivo, la entidad se apoya en aliados estrat\u00e9gicos de amplio reconocimiento en el mercado colombiano, seleccionando a la <strong>Uni\u00f3n Temporal (UT) entre Frisson y CIS<\/strong> como uno de sus principales proveedores.[\/vc_column_text][\/vc_column][\/vc_row][vc_row type=\u00bbin_container\u00bb full_screen_row_position=\u00bbmiddle\u00bb column_margin=\u00bbdefault\u00bb column_direction=\u00bbdefault\u00bb column_direction_tablet=\u00bbdefault\u00bb column_direction_phone=\u00bbdefault\u00bb scene_position=\u00bbcenter\u00bb text_color=\u00bbdark\u00bb text_align=\u00bbleft\u00bb row_border_radius=\u00bbnone\u00bb row_border_radius_applies=\u00bbbg\u00bb overflow=\u00bbvisible\u00bb overlay_strength=\u00bb0.3&#8243; gradient_direction=\u00bbleft_to_right\u00bb shape_divider_position=\u00bbbottom\u00bb bg_image_animation=\u00bbnone\u00bb][vc_column column_padding=\u00bbno-extra-padding\u00bb column_padding_tablet=\u00bbinherit\u00bb column_padding_phone=\u00bbinherit\u00bb column_padding_position=\u00bball\u00bb column_element_direction_desktop=\u00bbdefault\u00bb column_element_spacing=\u00bbdefault\u00bb desktop_text_alignment=\u00bbdefault\u00bb tablet_text_alignment=\u00bbdefault\u00bb phone_text_alignment=\u00bbdefault\u00bb background_color_opacity=\u00bb1&#8243; background_hover_color_opacity=\u00bb1&#8243; column_backdrop_filter=\u00bbnone\u00bb column_shadow=\u00bbnone\u00bb column_border_radius=\u00bbnone\u00bb column_link_target=\u00bb_self\u00bb column_position=\u00bbdefault\u00bb gradient_direction=\u00bbleft_to_right\u00bb overlay_strength=\u00bb0.3&#8243; width=\u00bb1\/1&#8243; tablet_width_inherit=\u00bbdefault\u00bb animation_type=\u00bbdefault\u00bb bg_image_animation=\u00bbnone\u00bb border_type=\u00bbsimple\u00bb column_border_width=\u00bbnone\u00bb column_border_style=\u00bbsolid\u00bb][image_with_animation image_url=\u00bb1093&#8243; image_size=\u00bbfull\u00bb animation_type=\u00bbentrance\u00bb animation=\u00bbNone\u00bb animation_movement_type=\u00bbtransform_y\u00bb hover_animation=\u00bbnone\u00bb alignment=\u00bb\u00bb border_radius=\u00bbnone\u00bb box_shadow=\u00bbnone\u00bb image_loading=\u00bbdefault\u00bb max_width=\u00bb100%\u00bb max_width_mobile=\u00bbdefault\u00bb][\/vc_column][\/vc_row][vc_row type=\u00bbin_container\u00bb full_screen_row_position=\u00bbmiddle\u00bb column_margin=\u00bbdefault\u00bb column_direction=\u00bbdefault\u00bb column_direction_tablet=\u00bbdefault\u00bb column_direction_phone=\u00bbdefault\u00bb scene_position=\u00bbcenter\u00bb right_padding_desktop=\u00bb5%\u00bb left_padding_phone=\u00bb2%\u00bb constrain_group_6=\u00bbyes\u00bb right_padding_phone=\u00bb2%\u00bb text_color=\u00bbdark\u00bb text_align=\u00bbleft\u00bb row_border_radius=\u00bbnone\u00bb row_border_radius_applies=\u00bbbg\u00bb overflow=\u00bbvisible\u00bb overlay_strength=\u00bb0.3&#8243; gradient_direction=\u00bbleft_to_right\u00bb shape_divider_position=\u00bbbottom\u00bb bg_image_animation=\u00bbnone\u00bb gradient_type=\u00bbdefault\u00bb shape_type=\u00bb\u00bb][vc_column column_padding=\u00bbno-extra-padding\u00bb column_padding_tablet=\u00bbinherit\u00bb column_padding_phone=\u00bbinherit\u00bb column_padding_position=\u00bball\u00bb column_element_direction_desktop=\u00bbdefault\u00bb column_element_spacing=\u00bbdefault\u00bb desktop_text_alignment=\u00bbdefault\u00bb tablet_text_alignment=\u00bbdefault\u00bb phone_text_alignment=\u00bbdefault\u00bb background_color_opacity=\u00bb1&#8243; background_hover_color_opacity=\u00bb1&#8243; column_backdrop_filter=\u00bbnone\u00bb column_shadow=\u00bbnone\u00bb column_border_radius=\u00bbnone\u00bb column_link_target=\u00bb_self\u00bb column_position=\u00bbdefault\u00bb gradient_direction=\u00bbleft_to_right\u00bb overlay_strength=\u00bb0.3&#8243; width=\u00bb1\/1&#8243; tablet_width_inherit=\u00bbdefault\u00bb animation_type=\u00bbdefault\u00bb bg_image_animation=\u00bbnone\u00bb border_type=\u00bbsimple\u00bb column_border_width=\u00bbnone\u00bb column_border_style=\u00bbsolid\u00bb][vc_column_text text_direction=\u00bbdefault\u00bb]\n<h3>Beneficios clave para Verytel<\/h3>\n<p style=\"text-align: left;\">Esta alianza representa una oportunidad significativa para <strong>Verytel<\/strong>, ya que <strong>Valor+<\/strong> tiene la capacidad de generar un alto volumen de oportunidades de negocio alineadas con el prop\u00f3sito de la empresa. Al ser <strong>aliado preseleccionado<\/strong>, Verytel podr\u00e1 asegurar una alta tasa de cierres contractuales que se convertir\u00e1n en proyectos exitosos. Esto permitir\u00e1 a la compa\u00f1\u00eda <strong>fortalecer su rol en la creaci\u00f3n de entornos seguros<\/strong> para los clientes finales, aline\u00e1ndose con las iniciativas de seguridad y transformaci\u00f3n digital de Valor+.<\/p>\n<h3>Productos y servicios distribuidos<\/h3>\n<p style=\"text-align: left;\">A trav\u00e9s de esta alianza, Verytel estar\u00e1 en capacidad de ofrecer proyectos enfocados en la <strong>generaci\u00f3n de entornos seguros<\/strong> y el desarrollo de <strong>Smart Cities<\/strong>. Los productos y servicios abarcar\u00e1n soluciones para la <strong>seguridad ciudadana<\/strong>, la <strong>seguridad en instalaciones militares y de polic\u00eda<\/strong>, as\u00ed como en <strong>edificios gubernamentales<\/strong>. La amplia experiencia de Verytel en estos sectores contribuir\u00e1 al \u00e9xito de los proyectos impulsados por Valor+.<\/p>\n<h3>Cobertura regional y duraci\u00f3n de la alianza<\/h3>\n<p>La alianza estar\u00e1 principalmente centrada en el departamento de <strong>Antioquia<\/strong>, donde Valor+ tiene un fuerte enfoque en proyectos que impactan directamente en la transformaci\u00f3n digital y la seguridad de la regi\u00f3n. La alianza tiene una duraci\u00f3n inicial de <strong>dos a\u00f1os<\/strong>, con la posibilidad de ampliar la colaboraci\u00f3n en funci\u00f3n de los resultados obtenidos.<\/p>\n<p>Con esta alianza, Verytel refuerza su presencia en el mercado y contin\u00faa posicion\u00e1ndose como un <strong>referente en soluciones de seguridad y tecnolog\u00eda<\/strong>, trabajando junto a importantes actores como Valor+ para mejorar la calidad de vida de los ciudadanos en Antioquia.[\/vc_column_text][\/vc_column][\/vc_row]\n","protected":false},"excerpt":{"rendered":"<p>[vc_row type=\u00bbin_container\u00bb full_screen_row_position=\u00bbmiddle\u00bb column_margin=\u00bbdefault\u00bb column_direction=\u00bbdefault\u00bb column_direction_tablet=\u00bbdefault\u00bb column_direction_phone=\u00bbdefault\u00bb scene_position=\u00bbcenter\u00bb right_padding_desktop=\u00bb5%\u00bb left_padding_phone=\u00bb2%\u00bb constrain_group_6=\u00bbyes\u00bb right_padding_phone=\u00bb2%\u00bb text_color=\u00bbdark\u00bb text_align=\u00bbleft\u00bb row_border_radius=\u00bbnone\u00bb&#8230;<\/p>\n","protected":false},"author":2,"featured_media":1091,"comment_status":"open","ping_status":"open","sticky":false,"template":"","format":"standard","meta":{"inline_featured_image":false,"footnotes":""},"categories":[1],"tags":[],"class_list":{"0":"post-1088","1":"post","2":"type-post","3":"status-publish","4":"format-standard","5":"has-post-thumbnail","7":"category-blog"},"_links":{"self":[{"href":"https:\/\/grupoverytel.com\/index.php\/wp-json\/wp\/v2\/posts\/1088"}],"collection":[{"href":"https:\/\/grupoverytel.com\/index.php\/wp-json\/wp\/v2\/posts"}],"about":[{"href":"https:\/\/grupoverytel.com\/index.php\/wp-json\/wp\/v2\/types\/post"}],"author":[{"embeddable":true,"href":"https:\/\/grupoverytel.com\/index.php\/wp-json\/wp\/v2\/users\/2"}],"replies":[{"embeddable":true,"href":"https:\/\/grupoverytel.com\/index.php\/wp-json\/wp\/v2\/comments?post=1088"}],"version-history":[{"count":3,"href":"https:\/\/grupoverytel.com\/index.php\/wp-json\/wp\/v2\/posts\/1088\/revisions"}],"predecessor-version":[{"id":1094,"href":"https:\/\/grupoverytel.com\/index.php\/wp-json\/wp\/v2\/posts\/1088\/revisions\/1094"}],"wp:featuredmedia":[{"embeddable":true,"href":"https:\/\/grupoverytel.com\/index.php\/wp-json\/wp\/v2\/media\/1091"}],"wp:attachment":[{"href":"https:\/\/grupoverytel.com\/index.php\/wp-json\/wp\/v2\/media?parent=1088"}],"wp:term":[{"taxonomy":"category","embeddable":true,"href":"https:\/\/grupoverytel.com\/index.php\/wp-json\/wp\/v2\/categories?post=1088"},{"taxonomy":"post_tag","embeddable":true,"href":"https:\/\/grupoverytel.com\/index.php\/wp-json\/wp\/v2\/tags?post=1088"}],"curies":[{"name":"wp","href":"https:\/\/api.w.org\/{rel}","templated":true}]}}