{"id":1046,"date":"2024-09-05T19:29:39","date_gmt":"2024-09-05T19:29:39","guid":{"rendered":"https:\/\/grupoverytel.com\/index.php\/2024\/09\/05\/buscan-combatir-la-inseguridad-en-el-valle-con-camaras-de-reconocimiento-facial-copy\/"},"modified":"2024-09-05T21:01:36","modified_gmt":"2024-09-05T21:01:36","slug":"verytel-recibe-el-reconocimiento-gold-de-axis-communications-como-aliado-estrategico","status":"publish","type":"post","link":"https:\/\/grupoverytel.com\/index.php\/2024\/09\/05\/verytel-recibe-el-reconocimiento-gold-de-axis-communications-como-aliado-estrategico\/","title":{"rendered":"Verytel recibe el reconocimiento Gold de Axis Communications como aliado estrat\u00e9gico"},"content":{"rendered":"[vc_row type=\u00bbin_container\u00bb full_screen_row_position=\u00bbmiddle\u00bb column_margin=\u00bbdefault\u00bb column_direction=\u00bbdefault\u00bb column_direction_tablet=\u00bbdefault\u00bb column_direction_phone=\u00bbdefault\u00bb scene_position=\u00bbcenter\u00bb right_padding_desktop=\u00bb5%\u00bb left_padding_phone=\u00bb2%\u00bb constrain_group_6=\u00bbyes\u00bb right_padding_phone=\u00bb2%\u00bb text_color=\u00bbdark\u00bb text_align=\u00bbleft\u00bb row_border_radius=\u00bbnone\u00bb row_border_radius_applies=\u00bbbg\u00bb overflow=\u00bbvisible\u00bb overlay_strength=\u00bb0.3&#8243; gradient_direction=\u00bbleft_to_right\u00bb shape_divider_position=\u00bbbottom\u00bb bg_image_animation=\u00bbnone\u00bb gradient_type=\u00bbdefault\u00bb shape_type=\u00bb\u00bb][vc_column column_padding=\u00bbno-extra-padding\u00bb column_padding_tablet=\u00bbinherit\u00bb column_padding_phone=\u00bbinherit\u00bb column_padding_position=\u00bball\u00bb column_element_direction_desktop=\u00bbdefault\u00bb column_element_spacing=\u00bbdefault\u00bb desktop_text_alignment=\u00bbdefault\u00bb tablet_text_alignment=\u00bbdefault\u00bb phone_text_alignment=\u00bbdefault\u00bb background_color_opacity=\u00bb1&#8243; background_hover_color_opacity=\u00bb1&#8243; column_backdrop_filter=\u00bbnone\u00bb column_shadow=\u00bbnone\u00bb column_border_radius=\u00bbnone\u00bb column_link_target=\u00bb_self\u00bb column_position=\u00bbdefault\u00bb gradient_direction=\u00bbleft_to_right\u00bb overlay_strength=\u00bb0.3&#8243; width=\u00bb1\/1&#8243; tablet_width_inherit=\u00bbdefault\u00bb animation_type=\u00bbdefault\u00bb bg_image_animation=\u00bbnone\u00bb border_type=\u00bbsimple\u00bb column_border_width=\u00bbnone\u00bb column_border_style=\u00bbsolid\u00bb][vc_column_text text_direction=\u00bbdefault\u00bb]Verytel ha sido reconocido como <strong>Aliado Gold<\/strong> por Axis Communications, l\u00edder mundial en soluciones de videovigilancia. Este reconocimiento destaca la capacidad de Verytel para ofrecer soluciones integrales y de alto impacto en el mercado colombiano, cumpliendo con criterios de excelencia que la posicionan entre las principales empresas del sector.[\/vc_column_text][\/vc_column][\/vc_row][vc_row type=\u00bbin_container\u00bb full_screen_row_position=\u00bbmiddle\u00bb column_margin=\u00bbdefault\u00bb column_direction=\u00bbdefault\u00bb column_direction_tablet=\u00bbdefault\u00bb column_direction_phone=\u00bbdefault\u00bb scene_position=\u00bbcenter\u00bb text_color=\u00bbdark\u00bb text_align=\u00bbleft\u00bb row_border_radius=\u00bbnone\u00bb row_border_radius_applies=\u00bbbg\u00bb overflow=\u00bbvisible\u00bb overlay_strength=\u00bb0.3&#8243; gradient_direction=\u00bbleft_to_right\u00bb shape_divider_position=\u00bbbottom\u00bb bg_image_animation=\u00bbnone\u00bb][vc_column column_padding=\u00bbno-extra-padding\u00bb column_padding_tablet=\u00bbinherit\u00bb column_padding_phone=\u00bbinherit\u00bb column_padding_position=\u00bball\u00bb column_element_direction_desktop=\u00bbdefault\u00bb column_element_spacing=\u00bbdefault\u00bb desktop_text_alignment=\u00bbdefault\u00bb tablet_text_alignment=\u00bbdefault\u00bb phone_text_alignment=\u00bbdefault\u00bb background_color_opacity=\u00bb1&#8243; background_hover_color_opacity=\u00bb1&#8243; column_backdrop_filter=\u00bbnone\u00bb column_shadow=\u00bbnone\u00bb column_border_radius=\u00bbnone\u00bb column_link_target=\u00bb_self\u00bb column_position=\u00bbdefault\u00bb gradient_direction=\u00bbleft_to_right\u00bb overlay_strength=\u00bb0.3&#8243; width=\u00bb1\/1&#8243; tablet_width_inherit=\u00bbdefault\u00bb animation_type=\u00bbdefault\u00bb bg_image_animation=\u00bbnone\u00bb border_type=\u00bbsimple\u00bb column_border_width=\u00bbnone\u00bb column_border_style=\u00bbsolid\u00bb][image_with_animation image_url=\u00bb1048&#8243; image_size=\u00bbfull\u00bb animation_type=\u00bbentrance\u00bb animation=\u00bbNone\u00bb animation_movement_type=\u00bbtransform_y\u00bb hover_animation=\u00bbnone\u00bb alignment=\u00bb\u00bb border_radius=\u00bbnone\u00bb box_shadow=\u00bbnone\u00bb image_loading=\u00bbdefault\u00bb max_width=\u00bb100%\u00bb max_width_mobile=\u00bbdefault\u00bb][\/vc_column][\/vc_row][vc_row type=\u00bbin_container\u00bb full_screen_row_position=\u00bbmiddle\u00bb column_margin=\u00bbdefault\u00bb column_direction=\u00bbdefault\u00bb column_direction_tablet=\u00bbdefault\u00bb column_direction_phone=\u00bbdefault\u00bb scene_position=\u00bbcenter\u00bb right_padding_desktop=\u00bb5%\u00bb left_padding_phone=\u00bb2%\u00bb constrain_group_6=\u00bbyes\u00bb right_padding_phone=\u00bb2%\u00bb text_color=\u00bbdark\u00bb text_align=\u00bbleft\u00bb row_border_radius=\u00bbnone\u00bb row_border_radius_applies=\u00bbbg\u00bb overflow=\u00bbvisible\u00bb overlay_strength=\u00bb0.3&#8243; gradient_direction=\u00bbleft_to_right\u00bb shape_divider_position=\u00bbbottom\u00bb bg_image_animation=\u00bbnone\u00bb gradient_type=\u00bbdefault\u00bb shape_type=\u00bb\u00bb][vc_column column_padding=\u00bbno-extra-padding\u00bb column_padding_tablet=\u00bbinherit\u00bb column_padding_phone=\u00bbinherit\u00bb column_padding_position=\u00bball\u00bb column_element_direction_desktop=\u00bbdefault\u00bb column_element_spacing=\u00bbdefault\u00bb desktop_text_alignment=\u00bbdefault\u00bb tablet_text_alignment=\u00bbdefault\u00bb phone_text_alignment=\u00bbdefault\u00bb background_color_opacity=\u00bb1&#8243; background_hover_color_opacity=\u00bb1&#8243; column_backdrop_filter=\u00bbnone\u00bb column_shadow=\u00bbnone\u00bb column_border_radius=\u00bbnone\u00bb column_link_target=\u00bb_self\u00bb column_position=\u00bbdefault\u00bb gradient_direction=\u00bbleft_to_right\u00bb overlay_strength=\u00bb0.3&#8243; width=\u00bb1\/1&#8243; tablet_width_inherit=\u00bbdefault\u00bb animation_type=\u00bbdefault\u00bb bg_image_animation=\u00bbnone\u00bb border_type=\u00bbsimple\u00bb column_border_width=\u00bbnone\u00bb column_border_style=\u00bbsolid\u00bb][vc_column_text text_direction=\u00bbdefault\u00bb]\n<h4><strong>Criterios de selecci\u00f3n para el reconocimiento Gold<\/strong><\/h4>\n<p>Para alcanzar este prestigioso reconocimiento, Verytel ha cumplido con una serie de rigurosos requisitos, entre los que se incluyen:<\/p>\n<ul>\n<li>La capacidad de ofrecer <strong>soluciones integrales<\/strong> a sus clientes, demostrando<br \/>\nclaramente los beneficios de estas.<\/li>\n<li>La <strong>certificaci\u00f3n<\/strong> de al menos dos profesionales Axis en el nivel Axis Professional.<br \/>\nVentas anuales superiores a los <strong>250 mil USD<\/strong>, lo que refleja un s\u00f3lido rendimiento en el mercado.<\/li>\n<li>Ofrecer <strong>instalaci\u00f3n en sitio<\/strong> y soporte t\u00e9cnico de primera l\u00ednea a sus clientes, asegurando una atenci\u00f3n de alta calidad.<\/li>\n<\/ul>\n<p>Estos factores reflejan el compromiso de Verytel con la excelencia en el servicio y su<br \/>\ncapacidad para gestionar proyectos de alta complejidad.<\/p>\n<h4><strong>Colaboraci\u00f3n continua desde 2015<\/strong><\/h4>\n<p>La relaci\u00f3n entre Verytel y Axis se remonta a 2015, cuando ambas empresas colaboraron en el proyecto de videovigilancia del Aeropuerto El Dorado en Bogot\u00e1, en conjunto con OPAIN. Sin embargo, fue en 2019 cuando esta alianza tom\u00f3 mayor fuerza, con proyectos de seguridad para la <strong>Fuerza A\u00e9rea Colombiana<\/strong> (FAC) y la <strong>Seguridad Ciudadana<\/strong>. Esta colaboraci\u00f3n ha sido sostenida por la afinidad de ambas empresas para ofrecer soluciones de alta calidad, con un enfoque en la satisfacci\u00f3n del cliente.<\/p>\n<h4>Importancia del reconocimiento Gold<\/h4>\n<p>Este reconocimiento es clave para Verytel, ya que posiciona a la empresa como un referente en el sector de videovigilancia en Colombia. Adem\u00e1s, refuerza su compromiso con los clientes, demostrando su capacidad para abordar proyectos de gran envergadura y trascendencia. La proyecci\u00f3n de crecimiento en negocios con Axis tambi\u00e9n se ve fortalecida, lo que permitir\u00e1 a Verytel continuar expandiendo su presencia en el mercado.<\/p>\n<h4><strong>Beneficios para Verytel y sus clientes<\/strong><\/h4>\n<p>Ser Aliado Gold de Axis Communications trae consigo una serie de ventajas significativas, tanto para Verytel como para sus clientes:<\/p>\n<ul>\n<li><strong>Descuentos preferenciales<\/strong> sobre las listas de precios de Axis.<\/li>\n<li><strong>Protecci\u00f3n de precios<\/strong> a trav\u00e9s del registro de proyectos.<\/li>\n<li>Respaldo de la f\u00e1brica, lo que otorga mayor <strong>credibilidad y confianza<\/strong> ante clientes, distribuidores y otras empresas del sector.<\/li>\n<li><strong>Recomendaciones y leads<\/strong> proporcionados por Axis, lo que ampl\u00eda las oportunidades de negocio.<\/li>\n<li><strong>Acceso prioritario a soporte t\u00e9cnico<\/strong> y equipos de demostraci\u00f3n, as\u00ed como asesor\u00eda preventiva y postventa.<\/li>\n<li>Participaci\u00f3n en la <strong>comunidad de negocios Axis<\/strong>, incrementando el networking y fortaleciendo la presencia de Verytel en la industria.<\/li>\n<li>Acceso a <strong>recursos de dise\u00f1o y aprendizaje<\/strong>, lo que fomenta la mejora continua de las soluciones ofrecidas.<\/li>\n<\/ul>\n<h4>Trayectoria hacia el reconocimiento<\/h4>\n<p>La obtenci\u00f3n del nivel Gold es el resultado de un camino constante de evoluci\u00f3n, que comenz\u00f3 con el nivel Autorizado, pasando por Silver, hasta alcanzar este nuevo estatus. En los \u00faltimos cinco a\u00f1os, Verytel ha destacado por su participaci\u00f3n en proyectos de alta complejidad, como los de la <strong>Fuerza A\u00e9rea Colombiana (FAC), la Empresa de Seguridad Urbana (ESU) de Medell\u00edn, y la Secretar\u00eda Distrital de Seguridad, Convivencia y Justicia (SDSCJ) de Bogot\u00e1.<\/strong><\/p>\n<p>Este reconocimiento refuerza el compromiso de Verytel con sus clientes y su capacidad para continuar entregando soluciones tecnol\u00f3gicas innovadoras en el campo de la seguridad.[\/vc_column_text][\/vc_column][\/vc_row]\n","protected":false},"excerpt":{"rendered":"<p>[vc_row type=\u00bbin_container\u00bb full_screen_row_position=\u00bbmiddle\u00bb column_margin=\u00bbdefault\u00bb column_direction=\u00bbdefault\u00bb column_direction_tablet=\u00bbdefault\u00bb column_direction_phone=\u00bbdefault\u00bb scene_position=\u00bbcenter\u00bb right_padding_desktop=\u00bb5%\u00bb left_padding_phone=\u00bb2%\u00bb constrain_group_6=\u00bbyes\u00bb right_padding_phone=\u00bb2%\u00bb text_color=\u00bbdark\u00bb text_align=\u00bbleft\u00bb row_border_radius=\u00bbnone\u00bb&#8230;<\/p>\n","protected":false},"author":2,"featured_media":1052,"comment_status":"open","ping_status":"open","sticky":false,"template":"","format":"standard","meta":{"inline_featured_image":false,"footnotes":""},"categories":[1],"tags":[],"class_list":{"0":"post-1046","1":"post","2":"type-post","3":"status-publish","4":"format-standard","5":"has-post-thumbnail","7":"category-blog"},"_links":{"self":[{"href":"https:\/\/grupoverytel.com\/index.php\/wp-json\/wp\/v2\/posts\/1046"}],"collection":[{"href":"https:\/\/grupoverytel.com\/index.php\/wp-json\/wp\/v2\/posts"}],"about":[{"href":"https:\/\/grupoverytel.com\/index.php\/wp-json\/wp\/v2\/types\/post"}],"author":[{"embeddable":true,"href":"https:\/\/grupoverytel.com\/index.php\/wp-json\/wp\/v2\/users\/2"}],"replies":[{"embeddable":true,"href":"https:\/\/grupoverytel.com\/index.php\/wp-json\/wp\/v2\/comments?post=1046"}],"version-history":[{"count":5,"href":"https:\/\/grupoverytel.com\/index.php\/wp-json\/wp\/v2\/posts\/1046\/revisions"}],"predecessor-version":[{"id":1053,"href":"https:\/\/grupoverytel.com\/index.php\/wp-json\/wp\/v2\/posts\/1046\/revisions\/1053"}],"wp:featuredmedia":[{"embeddable":true,"href":"https:\/\/grupoverytel.com\/index.php\/wp-json\/wp\/v2\/media\/1052"}],"wp:attachment":[{"href":"https:\/\/grupoverytel.com\/index.php\/wp-json\/wp\/v2\/media?parent=1046"}],"wp:term":[{"taxonomy":"category","embeddable":true,"href":"https:\/\/grupoverytel.com\/index.php\/wp-json\/wp\/v2\/categories?post=1046"},{"taxonomy":"post_tag","embeddable":true,"href":"https:\/\/grupoverytel.com\/index.php\/wp-json\/wp\/v2\/tags?post=1046"}],"curies":[{"name":"wp","href":"https:\/\/api.w.org\/{rel}","templated":true}]}}